{"id":56,"date":"2011-12-26T00:30:17","date_gmt":"2011-12-26T02:30:17","guid":{"rendered":"http:\/\/www.encontrapenharj.com.br\/noticias\/?p=56"},"modified":"2013-08-15T14:00:11","modified_gmt":"2013-08-15T16:00:11","slug":"escolas-de-bangu-e-da-penha-receberao-cursos-de-ferias-em-janeiro","status":"publish","type":"post","link":"https:\/\/www.encontrapenharj.com.br\/noticias\/escolas-de-bangu-e-da-penha-receberao-cursos-de-ferias-em-janeiro\/","title":{"rendered":"Escolas de Bangu e da Penha receber\u00e3o cursos de f\u00e9rias em janeiro"},"content":{"rendered":"<p>Quando se pensa no m\u00eas de janeiro as t\u00e3o sonhadas f\u00e9rias e a vontade  de viajar para descansar e dar um tempo nos estudos normalmente s\u00e3o as  primeiras coisas planejadas pelos estudantes. Entretanto, para muitos  este m\u00eas n\u00e3o \u00e9 s\u00f3 para relaxar. Tamb\u00e9m pode ser uma excelente  oportunidade para atualiza\u00e7\u00e3o, capacita\u00e7\u00e3o e aprimoramento, visando \u00e0s  oportunidades do mercado e at\u00e9 conhecer novas \u00e1reas. Como tem acontecido  nos \u00faltimos anos, diversas universidades oferecem cursos de f\u00e9rias de  curta dura\u00e7\u00e3o.<\/p>\n<p>A Escola Superior de Propaganda e Marketing  (ESPM-RJ) vai oferecer 24 cursos com mais de 500 vagas dispon\u00edveis nos  meses de janeiro e fevereiro com at\u00e9 15 horas\/aula cada. Assuntos como  marketing esportivo, novas m\u00eddias e redes sociais, gest\u00e3o, marketing e  comunica\u00e7\u00e3o fazem parte do conjunto de cursos oferecidos pela  institui\u00e7\u00e3o. As inscri\u00e7\u00f5es j\u00e1 est\u00e3o abertas e as aulas come\u00e7am a partir  do dia 12.<\/p>\n<p>\u201cNossos cursos de f\u00e9rias j\u00e1 viraram tradi\u00e7\u00e3o no in\u00edcio  do ano. Eles foram totalmente reestruturados e relan\u00e7ados em 2010 com  um formato mais din\u00e2mico. O objetivo \u00e9 oferecer temas atuais e  instigantes. Informa\u00e7\u00e3o de qualidade e proximidade com profissionais e  professores das diversas \u00e1reas atendidas \u00e9 o que consideramos o maior  valor para quem escolha nossos cursos\u201d, avalia Marcelo Boschi,  coordenador dos cursos de f\u00e9rias da ESPM-RJ.<\/p>\n<p>Os cursos novos  oferecidos pela ESPM-RJ s\u00e3o Capta\u00e7\u00e3o de recursos para inova\u00e7\u00e3o,  Comunica\u00e7\u00e3o pr\u00e9 e p\u00f3s-internet, Ativando o consumidor no PDV, Elabora\u00e7\u00e3o  de modelos de neg\u00f3cios inovadores, Marketing de varejo, Storytelling  como ferramenta de Branding e Trade marketing. As inscri\u00e7\u00f5es terminam  cinco dias antes do in\u00edcio de cada curso.<\/p>\n<p>Nas escolas de Sa\u00fade,  Neg\u00f3cios e Hospitalidade do Centro Universit\u00e1rio IBMR, integrante da  rede internacional de Universidades Laureate, ser\u00e3o oferecidos 32  cursos, nas unidades do Catete, Botafogo e Barra, com pre\u00e7os que variam  entre R$ 50 e R$ 650.<\/p>\n<p>\u201cOs cursos de curta dura\u00e7\u00e3o criam  oportunidades de conviv\u00eancia do corpo docente e discente do IBMR  Laureate com os diversos segmentos da sociedade. Estes cursos t\u00eam por  objetivo oferecer no\u00e7\u00f5es b\u00e1sicas introdut\u00f3rias em uma \u00e1rea espec\u00edfica do  conhecimento. S\u00e3o destinados ao p\u00fablico em geral e visam divulgar  conhecimentos e t\u00e9cnicas \u00e0 comunidade\u201d, comenta o diretor de Pesquisa,  Extens\u00e3o e P\u00f3s-Gradua\u00e7\u00e3o do IBMR, Marcovan Porto.<\/p>\n<p>Este ano a IBMR  vai oferecer dez cursos novos. Entre eles est\u00e3o o de Atividade f\u00edsica  para diab\u00e9ticos e obesos, Ventila\u00e7\u00e3o mec\u00e2nica: metas para assist\u00eancia de  Enfermagem, Nutri\u00e7\u00e3o e suplementa\u00e7\u00e3o nutricional para performance  f\u00edsica, Depila\u00e7\u00e3o, Design de sobrancelha, Maquiagem, Drinks para festas,  P\u00e3es italianos, Harmoniza\u00e7\u00e3o de cervejas e Comida de botequim.<\/p>\n<p>J\u00e1  a Unisuam abriu inscri\u00e7\u00f5es para o programa de Cursos de Aperfei\u00e7oamento  Profissional de F\u00e9rias (CAP-F\u00e9rias), com cursos a partir de 14 de  janeiro, com in\u00edcio em diversas datas e turnos. As turmas possuem, em  m\u00e9dia, 20 estudantes com carga hor\u00e1ria de 20 horas\/aula divididas em  quatro aulas.<br \/>\nS\u00e3o mais de 100 op\u00e7\u00f5es de cursos nas \u00e1reas de sa\u00fade,  bem-estar, est\u00e9tica, turismo, comunica\u00e7\u00e3o, esportes, gest\u00e3o de neg\u00f3cios,  jur\u00eddico, social, pedagogia, engenharia e inform\u00e1tica, entre outras.<\/p>\n<p>\u201cA  escolha dos cursos a serem oferecidos nas f\u00e9rias \u00e9 feita atrav\u00e9s de  pesquisa de mercado. Algumas \u00e1reas, como inform\u00e1tica, est\u00e9tica e gest\u00e3o,  s\u00e3o bastante procuradas e as vagas se esgotam rapidamente. Temos grande  procura pelo p\u00fablico interno e tamb\u00e9m pelo externo. Empresas costumam  mandar funcion\u00e1rios para frequentar as aulas\u201d, afirma o professor Paulo  Mota, coordenador de Projeto de Extens\u00e3o Universit\u00e1ria da Unisuam.<\/p>\n<p>Para  o coordenador, al\u00e9m da oportunidade de adquirir e reciclar  conhecimentos, a grande vantagem dos cursos de f\u00e9rias \u00e9 o  custo-benef\u00edcio.<\/p>\n<p>\u201cA pessoa n\u00e3o precisa procurar um tema dentro de  sua atividade profissional. Por exemplo, qualquer um pode se interessar  em aprender a desenvolver um site sem, necessariamente, trabalhar com  isso\u201d, argumenta.<\/p>\n<p>\u201cOs cursos de f\u00e9rias despertam nos alunos a  vontade de estudar e buscar aprofundamento em determinados temas. \u00c9  poss\u00edvel que se interessem por uma profissionaliza\u00e7\u00e3o em determinada  \u00e1rea ou busquem uma gradua\u00e7\u00e3o a partir do aprendizado de cursos de curta  dura\u00e7\u00e3o\u201d, completa.<br \/>\nAs aulas v\u00e3o acontecer nas unidades Bonsucesso, bairro de Bangu, Campo Grande e guia do bairro Penha. Cada curso custa apenas R$ 35. Alguns cursos aceitam inscri\u00e7\u00f5es na hora.<\/p>\n<p>O  Centro Universit\u00e1rio Carioca (UniCarioca) tamb\u00e9m est\u00e1 lan\u00e7ando v\u00e1rios  cursos de extens\u00e3o. Ao todo s\u00e3o 16 cursos nas quatro unidades da  institui\u00e7\u00e3o (Rio Comprido, M\u00e9ier, Bento Ribeiro e Jacarepagu\u00e1) com  pre\u00e7os populares que custam entre R$ 70 e R$ 150. As inscri\u00e7\u00f5es estar\u00e3o  abertas do dia 2 a 6 de janeiro e as aulas ter\u00e3o in\u00edcio dia 7. Entre os  novos cursos implementados est\u00e3o Marketing, contabilidade e departamento  de pessoal para pequenos neg\u00f3cios, Excel b\u00e1sico e avan\u00e7ado, Aprenda a  construir sites, Lideran\u00e7a e trabalho em equipe, Aumentando o lucro sem  aumentar o pre\u00e7o, entre outros.<\/p>\n<p>\u201cTodas as pessoas est\u00e3o  acompanhado que o Estado do Rio est\u00e1 recebendo diversos investimentos na  mais variadas \u00e1reas e, por conta disso, a regi\u00e3o est\u00e1 carecendo de uma  m\u00e3o de obra mais qualificada. Para suprirmos esta demanda, precisamos  preparar os profissionais, o quanto antes, para as mudan\u00e7as e as novas  oportunidades que est\u00e3o surgindo no mercado\u201d, comenta Celso Niskier,  reitor e professor da institui\u00e7\u00e3o.<\/p>\n<p>Intensiv\u00e3o \u2013 Nas Faculdades  Integradas H\u00e9lio Alonso (Facha), em Botafogo, tamb\u00e9m ser\u00e3o 16 cursos  sendo que todos s\u00e3o intensivos de oito a 10 dias consecutivos. Com  matr\u00edculas abertas at\u00e9 o dia 10 de janeiro, os cursos t\u00eam in\u00edcio dia 16.  Entre as novidades de 2012 est\u00e3o os seguintes temas: A Cidade e seu  carnaval, Final cut; Portugu\u00eas para concursos e Design thinking.<\/p>\n<p>\u201cTodos  os cursos preparam os participantes para o mercado de trabalho. Afinal,  eles s\u00e3o ministrados por profissionais atuantes no mercado. O  p\u00fablico-alvo desses cursos s\u00e3o estudantes universit\u00e1rios e profissionais  j\u00e1 formados mudando de \u00e1rea ou retomando a vida profissional\u201d, avalia o  coordenador de Extens\u00e3o da Facha M\u00e1rcio Christ.<\/p>\n<p>Na Universidade  Veiga de Almeida (UVA), ser\u00e3o nove cursos nos campi Tijuca e Barra com  in\u00edcio dia 10. O investimento varia de R$ 70 a R$ 700 nos seguintes  temas: An\u00e1lise e gerenciamento de risco ambiental, b\u00e1sico em Corel Draw,  Certifica\u00e7\u00e3o e auditoria ambiental, Edi\u00e7\u00e3o de v\u00eddeo com premiere pro  CS5, Escultura e modelagem com glauco longhi, Per\u00edcia ambiental,  Photoshop para designers de moda, Produ\u00e7\u00e3o de moda e Sistemas de gest\u00e3o  ambiental em organiza\u00e7\u00f5es.<\/p>\n<p>Para o coordenador geral dos cursos de  p\u00f3s-gradua\u00e7\u00e3o e extens\u00e3o da UVA, Reynaldo Lopes, a qualifica\u00e7\u00e3o nas  f\u00e9rias deve ser vista como fator determinante para o aprimoramento  profissional e pessoal de cada um.<\/p>\n<p>\u201cAdquirir e renovar conhecimentos \u00e9 fundamental para todo indiv\u00edduo atuante no mercado de trabalho\u201d, ressalta.<\/p>\n<p><em>Fonte: O Fluminense<\/em><\/p>\n","protected":false},"excerpt":{"rendered":"<p>Quando se pensa no m\u00eas de janeiro as t\u00e3o sonhadas f\u00e9rias e a vontade de viajar para descansar e dar um tempo nos estudos normalmente s\u00e3o as primeiras coisas planejadas pelos estudantes. Entretanto, para muitos este m\u00eas n\u00e3o \u00e9 s\u00f3 para relaxar. Tamb\u00e9m pode ser uma excelente oportunidade para atualiza\u00e7\u00e3o, capacita\u00e7\u00e3o e aprimoramento, visando \u00e0s [&hellip;]<\/p>\n","protected":false},"author":1,"featured_media":0,"comment_status":"open","ping_status":"open","sticky":false,"template":"","format":"standard","meta":{"footnotes":""},"categories":[6],"tags":[],"class_list":["post-56","post","type-post","status-publish","format-standard","hentry","category-noticias"],"_links":{"self":[{"href":"https:\/\/www.encontrapenharj.com.br\/noticias\/wp-json\/wp\/v2\/posts\/56","targetHints":{"allow":["GET"]}}],"collection":[{"href":"https:\/\/www.encontrapenharj.com.br\/noticias\/wp-json\/wp\/v2\/posts"}],"about":[{"href":"https:\/\/www.encontrapenharj.com.br\/noticias\/wp-json\/wp\/v2\/types\/post"}],"author":[{"embeddable":true,"href":"https:\/\/www.encontrapenharj.com.br\/noticias\/wp-json\/wp\/v2\/users\/1"}],"replies":[{"embeddable":true,"href":"https:\/\/www.encontrapenharj.com.br\/noticias\/wp-json\/wp\/v2\/comments?post=56"}],"version-history":[{"count":6,"href":"https:\/\/www.encontrapenharj.com.br\/noticias\/wp-json\/wp\/v2\/posts\/56\/revisions"}],"predecessor-version":[{"id":523,"href":"https:\/\/www.encontrapenharj.com.br\/noticias\/wp-json\/wp\/v2\/posts\/56\/revisions\/523"}],"wp:attachment":[{"href":"https:\/\/www.encontrapenharj.com.br\/noticias\/wp-json\/wp\/v2\/media?parent=56"}],"wp:term":[{"taxonomy":"category","embeddable":true,"href":"https:\/\/www.encontrapenharj.com.br\/noticias\/wp-json\/wp\/v2\/categories?post=56"},{"taxonomy":"post_tag","embeddable":true,"href":"https:\/\/www.encontrapenharj.com.br\/noticias\/wp-json\/wp\/v2\/tags?post=56"}],"curies":[{"name":"wp","href":"https:\/\/api.w.org\/{rel}","templated":true}]}}