{"id":145,"date":"2012-03-29T14:44:59","date_gmt":"2012-03-29T16:44:59","guid":{"rendered":"http:\/\/www.encontrapenharj.com.br\/noticias\/?p=145"},"modified":"2013-08-15T14:00:12","modified_gmt":"2013-08-15T16:00:12","slug":"complexos-do-alemao-e-da-penha-terao-13-upps","status":"publish","type":"post","link":"https:\/\/www.encontrapenharj.com.br\/noticias\/complexos-do-alemao-e-da-penha-terao-13-upps\/","title":{"rendered":"Complexos do Alem\u00e3o e da Penha ter\u00e3o 13 UPPs"},"content":{"rendered":"<p>O coordenador operacional das Unidades de Pol\u00edcia Pacificadora (UPPs)  do Rio de Janeiro, coronel Lima Ferreira, garantiu nesta quarta-feira  que os complexos do Alem\u00e3o e do bairro da Penha, na Zona Norte da capital  fluminense, receber\u00e3o um total de 13 UPPs. As duas primeiras, nas  comunidades da Fazendinha e Nova Bras\u00edlia, ser\u00e3o inauguradas em at\u00e9 dez  dias, ainda de acordo com o coronel. O processo de transi\u00e7\u00e3o entre o  Ex\u00e9rcito e a Pol\u00edcia Militar ocorre desde o fim da madrugada de hoje e  tem previs\u00e3o de t\u00e9rmino no dia 27 de junho.<\/p>\n<p>&#8220;Esperamos implantar  duas UPPs a cada final de m\u00eas&#8221;, explicou Lima Ferreira. Ele ressaltou  que um ter\u00e7o do efetivo de 300 policiais que atuar\u00e3o nas duas  comunidades, neste in\u00edcio de trabalho de ocupa\u00e7\u00e3o pela PM, s\u00e3o oriundos  de outras unidades em funcionamento &#8211; e por isso j\u00e1 t\u00eam conhecimento de  causa no trabalho de aproxima\u00e7\u00e3o com os moradores.<\/p>\n<p>&#8220;S\u00e3o soldados  com experi\u00eancia neste tipo de trabalho. Estes antigos passam  tranquilidade para os novatos e essa \u00e9 uma experi\u00eancia que j\u00e1 deu certo  no Vidigal e na Mangueira&#8221;, explicou. Os espa\u00e7os f\u00edsicos que servir\u00e3o de  base para as unidades tamb\u00e9m j\u00e1 est\u00e3o encaminhados: as UPPs da Vila  Cruzeiro, morro da Baiana, do Sereno e da F\u00e9 est\u00e3o 80% conclu\u00eddas,  segundo o coordenador.<\/p>\n<p>Em entrevista \u00e0 r\u00e1dio\u00a0<em>CBN<\/em>, o  governador S\u00e9rgio Cabral (PMDB) garantiu que todas as unidades ficar\u00e3o  prontas de acordo com o cronograma tra\u00e7ado pela secretaria de Seguran\u00e7a P\u00fablica. &#8220;Algumas sedes j\u00e1 est\u00e3o prontas, outras em constru\u00e7\u00e3o, tudo  seguindo um planejamento feito pelo secret\u00e1rio (Jos\u00e9 Mariano) Beltrame&#8221;,  afirmou Cabral.<\/p>\n<p>&#8220;\u00c9 evidente que existem as vi\u00favas do tr\u00e1fico,  gente de fora da comunidade, que fica tentando minar o trabalho da  pol\u00edcia e do governo do Estado. Isso quebra uma s\u00e9rie de l\u00f3gicas que  permaneceram por anos. Quem \u00e9 que tem a ilus\u00e3o que a Rocinha, que depois  de quatro meses de retomada apenas, de um territ\u00f3rio que ficou  abandonado por 30 anos, teria uma realidade de paz?&#8221;, indagou o  governador em entrevista a\u00a0<em>CBN<\/em>.<\/p>\n<p><strong>Troca nas for\u00e7as de seguran\u00e7a tem in\u00edcio<\/strong><\/p>\n<p>A  opera\u00e7\u00e3o no complexo do Alem\u00e3o envolve 750 homens da Pol\u00edcia Militar e  tr\u00eas helic\u00f3pteros, sendo um blindado. At\u00e9 o momento, tr\u00eas suspeitos de  liga\u00e7\u00e3o com o tr\u00e1fico foram presos, de acordo com a PM. O Ex\u00e9rcito,  presente no local desde o final de 2010 liderando a for\u00e7a de  pacifica\u00e7\u00e3o, tamb\u00e9m participa do processo de transi\u00e7\u00e3o.<\/p>\n<p>De acordo  com nota divulgada pelo Comando Militar do Leste, a transi\u00e7\u00e3o ser\u00e1 de  forma gradativa, come\u00e7ando pelas comunidades da Fazendinha e Nova  Bras\u00edlia at\u00e9 chegar ao Complexo da Penha.<\/p>\n<p>A Secretaria de  Seguran\u00e7a P\u00fablica do Rio toma a decis\u00e3o de apressar a implanta\u00e7\u00e3o da UPP  do Alem\u00e3o em momento de instabilidade do sistema. Recentemente foram  divulgados v\u00eddeos que provam que o tr\u00e1fico de drogas continua agindo no  local. Durante a visita do Pr\u00edncipe Harry ao local, no in\u00edcio do m\u00eas,  houve troca de tiros. E outra favela importante que ainda espera um UPP,  a Rocinha, tem registrado frequentes dist\u00farbios, como a morte de um  l\u00edder comunit\u00e1rio acusado de envolvimento com o tr\u00e1fico na tarde de  ontem.<\/p>\n<p><strong>Varreduras<\/strong><\/p>\n<p>O diretor do Instituto Ra\u00edzes em  Movimento, Alan Brum, questiona a necessidade de varreduras na \u00e1rea.  Segundo ele, os moradores das favelas est\u00e3o apreensivos e temem  poss\u00edveis viola\u00e7\u00f5es de direitos. A organiza\u00e7\u00e3o n\u00e3o governamental atua no  Alem\u00e3o h\u00e1 mais de dez anos.<\/p>\n<p>&#8220;Se o Ex\u00e9rcito j\u00e1 est\u00e1 aqui h\u00e1 tanto  tempo, nosso questionamento \u00e9 sobre a necessidade de uma varredura pelo  Bope. Os locais mais problem\u00e1ticos em rela\u00e7\u00e3o \u00e0 viol\u00eancia j\u00e1 est\u00e3o  mapeados e s\u00e3o de conhecimento p\u00fablico. Todos aqui est\u00e3o muito  apreensivos e h\u00e1 tens\u00e3o por parte dos moradores&#8221;, afirmou.<\/p>\n<p>Nas  \u00faltimas semanas, o Ex\u00e9rcito mudou a t\u00e1tica de atua\u00e7\u00e3o no Alem\u00e3o e  refor\u00e7ou as revistas em todos os acessos \u00e0s favelas da localidade. De  acordo com o coronel Fernando Fantazzini, rela\u00e7\u00f5es p\u00fablicas da For\u00e7a de  Pacifica\u00e7\u00e3o, a nova estrat\u00e9gia, no entanto, n\u00e3o estava relacionada \u00e0  entrada do Bope, mas apenas a uma altera\u00e7\u00e3o rotineira para dar mais  efetividade \u00e0s a\u00e7\u00f5es.<\/p>\n<p>&#8220;N\u00e3o podemos atuar sempre da mesma forma.  Temos que mudar as estrat\u00e9gias para garantir sempre a efetividade e a  seguran\u00e7a das nossas a\u00e7\u00f5es&#8221;, disse o policial militar. Ele garantiu  tamb\u00e9m que n\u00e3o houve aumento no n\u00famero de homens que ocupam o conjunto  de favelas, atualmente em 1,6 mil, e disse que a nova t\u00e1tica n\u00e3o trouxe  preju\u00edzo ao patrulhamento no interior das comunidades para coibir o  com\u00e9rcio de drogas.<\/p>\n<p>Moradores confirmaram que foram intensificadas  as revistas nas entradas e sa\u00eddas das favelas, mas sem registro de  agressividade ou abusos de militares do Ex\u00e9rcito.<br \/>\n<em><br \/>\nFonte: Jornal do Brasil<\/em><\/p>\n","protected":false},"excerpt":{"rendered":"<p>O coordenador operacional das Unidades de Pol\u00edcia Pacificadora (UPPs) do Rio de Janeiro, coronel Lima Ferreira, garantiu nesta quarta-feira que os complexos do Alem\u00e3o e do bairro da Penha, na Zona Norte da capital fluminense, receber\u00e3o um total de 13 UPPs. As duas primeiras, nas comunidades da Fazendinha e Nova Bras\u00edlia, ser\u00e3o inauguradas em at\u00e9 [&hellip;]<\/p>\n","protected":false},"author":1,"featured_media":0,"comment_status":"open","ping_status":"open","sticky":false,"template":"","format":"standard","meta":{"footnotes":""},"categories":[6],"tags":[],"class_list":["post-145","post","type-post","status-publish","format-standard","hentry","category-noticias"],"_links":{"self":[{"href":"https:\/\/www.encontrapenharj.com.br\/noticias\/wp-json\/wp\/v2\/posts\/145","targetHints":{"allow":["GET"]}}],"collection":[{"href":"https:\/\/www.encontrapenharj.com.br\/noticias\/wp-json\/wp\/v2\/posts"}],"about":[{"href":"https:\/\/www.encontrapenharj.com.br\/noticias\/wp-json\/wp\/v2\/types\/post"}],"author":[{"embeddable":true,"href":"https:\/\/www.encontrapenharj.com.br\/noticias\/wp-json\/wp\/v2\/users\/1"}],"replies":[{"embeddable":true,"href":"https:\/\/www.encontrapenharj.com.br\/noticias\/wp-json\/wp\/v2\/comments?post=145"}],"version-history":[{"count":3,"href":"https:\/\/www.encontrapenharj.com.br\/noticias\/wp-json\/wp\/v2\/posts\/145\/revisions"}],"predecessor-version":[{"id":548,"href":"https:\/\/www.encontrapenharj.com.br\/noticias\/wp-json\/wp\/v2\/posts\/145\/revisions\/548"}],"wp:attachment":[{"href":"https:\/\/www.encontrapenharj.com.br\/noticias\/wp-json\/wp\/v2\/media?parent=145"}],"wp:term":[{"taxonomy":"category","embeddable":true,"href":"https:\/\/www.encontrapenharj.com.br\/noticias\/wp-json\/wp\/v2\/categories?post=145"},{"taxonomy":"post_tag","embeddable":true,"href":"https:\/\/www.encontrapenharj.com.br\/noticias\/wp-json\/wp\/v2\/tags?post=145"}],"curies":[{"name":"wp","href":"https:\/\/api.w.org\/{rel}","templated":true}]}}